{"id":11669,"date":"2024-12-19T15:32:53","date_gmt":"2024-12-19T18:32:53","guid":{"rendered":"https:\/\/humanas.unsl.edu.ar\/?p=11669"},"modified":"2024-12-19T15:34:10","modified_gmt":"2024-12-19T18:34:10","slug":"tercera-cohorte-especializacion-en-pedagogias-de-la-formacion","status":"publish","type":"post","link":"https:\/\/humanas.unsl.edu.ar\/index.php\/2024\/12\/19\/tercera-cohorte-especializacion-en-pedagogias-de-la-formacion\/","title":{"rendered":"Tercera Cohorte Especializaci\u00f3n en Pedagog\u00edas de la Formaci\u00f3n"},"content":{"rendered":"\n<p><\/p>\n\n\n\n<p class=\"has-text-align-center has-white-color has-luminous-vivid-amber-background-color has-text-color has-background\" style=\"font-size:26px\">Tercera Cohorte Especializaci\u00f3n en Pedagog\u00edas de la Formaci\u00f3n<\/p>\n\n\n\n<p class=\"has-text-align-center\">Pre inscripciones Tercera Cohorte Especializaci\u00f3n en Pedagog\u00edas de la Formaci\u00f3n, carrera de posgrado a distancia<\/p>\n\n\n\n<p class=\"has-text-align-center\">\u00a1Te invitamos a sumarte a la cohorte 2025 de la Especializaci\u00f3n en Pedagog\u00edas de la Formaci\u00f3n!<\/p>\n\n\n\n<figure class=\"wp-block-image aligncenter size-large is-resized\"><img decoding=\"async\" loading=\"lazy\" src=\"https:\/\/humanas.unsl.edu.ar\/wp-content\/uploads\/2024\/12\/afiche_epf_2025-1024x1024.jpg\" alt=\"\" class=\"wp-image-11671\" width=\"420\" height=\"420\" srcset=\"https:\/\/humanas.unsl.edu.ar\/wp-content\/uploads\/2024\/12\/afiche_epf_2025-1024x1024.jpg 1024w, https:\/\/humanas.unsl.edu.ar\/wp-content\/uploads\/2024\/12\/afiche_epf_2025-300x300.jpg 300w, https:\/\/humanas.unsl.edu.ar\/wp-content\/uploads\/2024\/12\/afiche_epf_2025-150x150.jpg 150w, https:\/\/humanas.unsl.edu.ar\/wp-content\/uploads\/2024\/12\/afiche_epf_2025-768x768.jpg 768w, https:\/\/humanas.unsl.edu.ar\/wp-content\/uploads\/2024\/12\/afiche_epf_2025-250x250.jpg 250w, https:\/\/humanas.unsl.edu.ar\/wp-content\/uploads\/2024\/12\/afiche_epf_2025.jpg 1440w\" sizes=\"(max-width: 420px) 100vw, 420px\" \/><\/figure>\n\n\n\n<p>Esta carrera busca contribuir a la formaci\u00f3n pedag\u00f3gica de profesionales de diferentes \u00e1reas del conocimiento cient\u00edfico.<\/p>\n\n\n\n<p><a><\/a>Pedagog\u00edas, en plural, implica una mirada compleja y cr\u00edtica de la formaci\u00f3n, desde m\u00faltiples perspectivas, considerando la multiplicidad de puntos de vista y la mirada puesta en el sujeto de conocimiento.<\/p>\n\n\n\n<p><img decoding=\"async\" loading=\"lazy\" height=\"16\" width=\"16\" alt=\"\ud83d\udc49\" src=\"https:\/\/static.xx.fbcdn.net\/images\/emoji.php\/v9\/t51\/1\/16\/1f449.png\"> Se presenta como una modalidad que se asienta en los nuevos entornos virtuales, modalidad que ofrece un mayor alcance y accesibilidad del conocimiento a los sectores m\u00e1s alejados de los grandes centros urbanos.<\/p>\n\n\n\n<p><img decoding=\"async\" loading=\"lazy\" height=\"16\" width=\"16\" alt=\"\u2714\ufe0f\" src=\"https:\/\/static.xx.fbcdn.net\/images\/emoji.php\/v9\/t51\/1\/16\/2714.png\">Su duraci\u00f3n es de tres cuatrimestres y un trabajo final de Integraci\u00f3n.<\/p>\n\n\n\n<p><img decoding=\"async\" loading=\"lazy\" height=\"16\" width=\"16\" alt=\"\ud83d\ude4c\" src=\"https:\/\/static.xx.fbcdn.net\/images\/emoji.php\/v9\/tfd\/1\/16\/1f64c.png\"> Posee doce espacios curriculares, en los cuales se trabaja en Plataforma Moodle y Zoom.<\/p>\n\n\n\n<p><img decoding=\"async\" loading=\"lazy\" height=\"16\" width=\"16\" alt=\"\ud83c\udf10\" src=\"https:\/\/static.xx.fbcdn.net\/images\/emoji.php\/v9\/taa\/1\/16\/1f310.png\">Escanea el QR y completa el formulario de pre inscripci\u00f3n (o pedinos el link por MP)<\/p>\n","protected":false},"excerpt":{"rendered":"<p>Tercera Cohorte Especializaci\u00f3n en Pedagog\u00edas de la Formaci\u00f3n Pre inscripciones Tercera Cohorte Especializaci\u00f3n en Pedagog\u00edas de la Formaci\u00f3n, carrera de posgrado a distancia \u00a1Te invitamos a sumarte a la cohorte 2025 de la Especializaci\u00f3n en Pedagog\u00edas de la Formaci\u00f3n! Esta carrera busca contribuir a la formaci\u00f3n pedag\u00f3gica de profesionales de diferentes \u00e1reas del conocimiento cient\u00edfico. &hellip;<\/p>\n<p class=\"read-more\"> <a class=\"\" href=\"https:\/\/humanas.unsl.edu.ar\/index.php\/2024\/12\/19\/tercera-cohorte-especializacion-en-pedagogias-de-la-formacion\/\"> <span class=\"screen-reader-text\">Tercera Cohorte Especializaci\u00f3n en Pedagog\u00edas de la Formaci\u00f3n<\/span> Leer m\u00e1s &raquo;<\/a><\/p>\n","protected":false},"author":1,"featured_media":11672,"comment_status":"closed","ping_status":"closed","sticky":false,"template":"","format":"standard","meta":{"site-sidebar-layout":"default","site-content-layout":"","ast-site-content-layout":"default","site-content-style":"default","site-sidebar-style":"default","ast-global-header-display":"","ast-banner-title-visibility":"","ast-main-header-display":"","ast-hfb-above-header-display":"","ast-hfb-below-header-display":"","ast-hfb-mobile-header-display":"","site-post-title":"","ast-breadcrumbs-content":"","ast-featured-img":"","footer-sml-layout":"","theme-transparent-header-meta":"","adv-header-id-meta":"","stick-header-meta":"","header-above-stick-meta":"","header-main-stick-meta":"","header-below-stick-meta":"","astra-migrate-meta-layouts":"set","ast-page-background-enabled":"default","ast-page-background-meta":{"desktop":{"background-color":"var(--ast-global-color-4)","background-image":"","background-repeat":"repeat","background-position":"center center","background-size":"auto","background-attachment":"scroll","background-type":"","background-media":"","overlay-type":"","overlay-color":"","overlay-gradient":""},"tablet":{"background-color":"","background-image":"","background-repeat":"repeat","background-position":"center center","background-size":"auto","background-attachment":"scroll","background-type":"","background-media":"","overlay-type":"","overlay-color":"","overlay-gradient":""},"mobile":{"background-color":"","background-image":"","background-repeat":"repeat","background-position":"center center","background-size":"auto","background-attachment":"scroll","background-type":"","background-media":"","overlay-type":"","overlay-color":"","overlay-gradient":""}},"ast-content-background-meta":{"desktop":{"background-color":"var(--ast-global-color-5)","background-image":"","background-repeat":"repeat","background-position":"center center","background-size":"auto","background-attachment":"scroll","background-type":"","background-media":"","overlay-type":"","overlay-color":"","overlay-gradient":""},"tablet":{"background-color":"var(--ast-global-color-5)","background-image":"","background-repeat":"repeat","background-position":"center center","background-size":"auto","background-attachment":"scroll","background-type":"","background-media":"","overlay-type":"","overlay-color":"","overlay-gradient":""},"mobile":{"background-color":"var(--ast-global-color-5)","background-image":"","background-repeat":"repeat","background-position":"center center","background-size":"auto","background-attachment":"scroll","background-type":"","background-media":"","overlay-type":"","overlay-color":"","overlay-gradient":""}}},"categories":[8,30],"tags":[102,17],"jetpack_featured_media_url":"https:\/\/humanas.unsl.edu.ar\/wp-content\/uploads\/2024\/12\/afiche_epf_2025-740x380-1.jpg","_links":{"self":[{"href":"https:\/\/humanas.unsl.edu.ar\/index.php\/wp-json\/wp\/v2\/posts\/11669"}],"collection":[{"href":"https:\/\/humanas.unsl.edu.ar\/index.php\/wp-json\/wp\/v2\/posts"}],"about":[{"href":"https:\/\/humanas.unsl.edu.ar\/index.php\/wp-json\/wp\/v2\/types\/post"}],"author":[{"embeddable":true,"href":"https:\/\/humanas.unsl.edu.ar\/index.php\/wp-json\/wp\/v2\/users\/1"}],"replies":[{"embeddable":true,"href":"https:\/\/humanas.unsl.edu.ar\/index.php\/wp-json\/wp\/v2\/comments?post=11669"}],"version-history":[{"count":2,"href":"https:\/\/humanas.unsl.edu.ar\/index.php\/wp-json\/wp\/v2\/posts\/11669\/revisions"}],"predecessor-version":[{"id":11674,"href":"https:\/\/humanas.unsl.edu.ar\/index.php\/wp-json\/wp\/v2\/posts\/11669\/revisions\/11674"}],"wp:featuredmedia":[{"embeddable":true,"href":"https:\/\/humanas.unsl.edu.ar\/index.php\/wp-json\/wp\/v2\/media\/11672"}],"wp:attachment":[{"href":"https:\/\/humanas.unsl.edu.ar\/index.php\/wp-json\/wp\/v2\/media?parent=11669"}],"wp:term":[{"taxonomy":"category","embeddable":true,"href":"https:\/\/humanas.unsl.edu.ar\/index.php\/wp-json\/wp\/v2\/categories?post=11669"},{"taxonomy":"post_tag","embeddable":true,"href":"https:\/\/humanas.unsl.edu.ar\/index.php\/wp-json\/wp\/v2\/tags?post=11669"}],"curies":[{"name":"wp","href":"https:\/\/api.w.org\/{rel}","templated":true}]}}