{"id":12405,"date":"2025-04-14T16:54:03","date_gmt":"2025-04-14T19:54:03","guid":{"rendered":"https:\/\/humanas.unsl.edu.ar\/?p=12405"},"modified":"2025-04-14T16:54:03","modified_gmt":"2025-04-14T19:54:03","slug":"catedra-libre-de-soberania-alimentaria","status":"publish","type":"post","link":"https:\/\/humanas.unsl.edu.ar\/index.php\/2025\/04\/14\/catedra-libre-de-soberania-alimentaria\/","title":{"rendered":"C\u00e1tedra Libre de Soberan\u00eda Alimentaria"},"content":{"rendered":"\n<p class=\"has-medium-font-size\">En el marco del 17 de abril, d\u00eda internacional de las luchas campesinas, la C\u00e1tedra Libre de Soberan\u00eda Alimentaria de Bio\u00e9tica Sur (CaLiSABiosur) organiza la Jornada de Reflexi\u00f3n &#8220;Luchas Campesinas por la Soberan\u00eda Alimentaria&#8221;<\/p>\n\n\n\n<p><img decoding=\"async\" loading=\"lazy\" height=\"16\" width=\"16\" alt=\"\ud83d\uddd3\ufe0f\" src=\"https:\/\/static.xx.fbcdn.net\/images\/emoji.php\/v9\/t5c\/1\/16\/1f5d3.png\">Es el 16\/4, de 15 a 17,30 hs. en Las Heras 852, Sal\u00f3n grande de ADU, San Luis.<\/p>\n\n\n\n<p><img decoding=\"async\" loading=\"lazy\" height=\"16\" width=\"16\" alt=\"\ud83d\ude4c\" src=\"https:\/\/static.xx.fbcdn.net\/images\/emoji.php\/v9\/tfd\/1\/16\/1f64c.png\">Expondr\u00e1n integrantes de la Uni\u00f3n de Productores y Productoras Caprinas (UProC) de San Luis, e integrantes del Movimiento Nacional Campesino Ind\u00edgena Somos Tierra (MNC-ST).<\/p>\n\n\n\n<p>Habr\u00e1 mesa de productos.<\/p>\n\n\n\n<p><img decoding=\"async\" loading=\"lazy\" height=\"16\" width=\"16\" alt=\"\u270f\ufe0f\" src=\"https:\/\/static.xx.fbcdn.net\/images\/emoji.php\/v9\/te4\/1\/16\/270f.png\">Inscripciones en la apertura de la jornada. Se entregan certificados de asistencia.<\/p>\n","protected":false},"excerpt":{"rendered":"<p>En el marco del 17 de abril, d\u00eda internacional de las luchas campesinas, la C\u00e1tedra Libre de Soberan\u00eda Alimentaria de Bio\u00e9tica Sur (CaLiSABiosur) organiza la Jornada de Reflexi\u00f3n &#8220;Luchas Campesinas por la Soberan\u00eda Alimentaria&#8221; Es el 16\/4, de 15 a 17,30 hs. en Las Heras 852, Sal\u00f3n grande de ADU, San Luis. Expondr\u00e1n integrantes de &hellip;<\/p>\n<p class=\"read-more\"> <a class=\"\" href=\"https:\/\/humanas.unsl.edu.ar\/index.php\/2025\/04\/14\/catedra-libre-de-soberania-alimentaria\/\"> <span class=\"screen-reader-text\">C\u00e1tedra Libre de Soberan\u00eda Alimentaria<\/span> Leer m\u00e1s &raquo;<\/a><\/p>\n","protected":false},"author":1,"featured_media":12385,"comment_status":"closed","ping_status":"closed","sticky":false,"template":"","format":"standard","meta":{"site-sidebar-layout":"default","site-content-layout":"","ast-site-content-layout":"default","site-content-style":"default","site-sidebar-style":"default","ast-global-header-display":"","ast-banner-title-visibility":"","ast-main-header-display":"","ast-hfb-above-header-display":"","ast-hfb-below-header-display":"","ast-hfb-mobile-header-display":"","site-post-title":"","ast-breadcrumbs-content":"","ast-featured-img":"","footer-sml-layout":"","theme-transparent-header-meta":"","adv-header-id-meta":"","stick-header-meta":"","header-above-stick-meta":"","header-main-stick-meta":"","header-below-stick-meta":"","astra-migrate-meta-layouts":"set","ast-page-background-enabled":"default","ast-page-background-meta":{"desktop":{"background-color":"var(--ast-global-color-4)","background-image":"","background-repeat":"repeat","background-position":"center center","background-size":"auto","background-attachment":"scroll","background-type":"","background-media":"","overlay-type":"","overlay-color":"","overlay-gradient":""},"tablet":{"background-color":"","background-image":"","background-repeat":"repeat","background-position":"center center","background-size":"auto","background-attachment":"scroll","background-type":"","background-media":"","overlay-type":"","overlay-color":"","overlay-gradient":""},"mobile":{"background-color":"","background-image":"","background-repeat":"repeat","background-position":"center center","background-size":"auto","background-attachment":"scroll","background-type":"","background-media":"","overlay-type":"","overlay-color":"","overlay-gradient":""}},"ast-content-background-meta":{"desktop":{"background-color":"var(--ast-global-color-5)","background-image":"","background-repeat":"repeat","background-position":"center center","background-size":"auto","background-attachment":"scroll","background-type":"","background-media":"","overlay-type":"","overlay-color":"","overlay-gradient":""},"tablet":{"background-color":"var(--ast-global-color-5)","background-image":"","background-repeat":"repeat","background-position":"center center","background-size":"auto","background-attachment":"scroll","background-type":"","background-media":"","overlay-type":"","overlay-color":"","overlay-gradient":""},"mobile":{"background-color":"var(--ast-global-color-5)","background-image":"","background-repeat":"repeat","background-position":"center center","background-size":"auto","background-attachment":"scroll","background-type":"","background-media":"","overlay-type":"","overlay-color":"","overlay-gradient":""}}},"categories":[8],"tags":[14,36,66],"jetpack_featured_media_url":"https:\/\/humanas.unsl.edu.ar\/wp-content\/uploads\/2025\/04\/afiche_jornadas_campesinas-740x380-1.jpeg","_links":{"self":[{"href":"https:\/\/humanas.unsl.edu.ar\/index.php\/wp-json\/wp\/v2\/posts\/12405"}],"collection":[{"href":"https:\/\/humanas.unsl.edu.ar\/index.php\/wp-json\/wp\/v2\/posts"}],"about":[{"href":"https:\/\/humanas.unsl.edu.ar\/index.php\/wp-json\/wp\/v2\/types\/post"}],"author":[{"embeddable":true,"href":"https:\/\/humanas.unsl.edu.ar\/index.php\/wp-json\/wp\/v2\/users\/1"}],"replies":[{"embeddable":true,"href":"https:\/\/humanas.unsl.edu.ar\/index.php\/wp-json\/wp\/v2\/comments?post=12405"}],"version-history":[{"count":1,"href":"https:\/\/humanas.unsl.edu.ar\/index.php\/wp-json\/wp\/v2\/posts\/12405\/revisions"}],"predecessor-version":[{"id":12406,"href":"https:\/\/humanas.unsl.edu.ar\/index.php\/wp-json\/wp\/v2\/posts\/12405\/revisions\/12406"}],"wp:featuredmedia":[{"embeddable":true,"href":"https:\/\/humanas.unsl.edu.ar\/index.php\/wp-json\/wp\/v2\/media\/12385"}],"wp:attachment":[{"href":"https:\/\/humanas.unsl.edu.ar\/index.php\/wp-json\/wp\/v2\/media?parent=12405"}],"wp:term":[{"taxonomy":"category","embeddable":true,"href":"https:\/\/humanas.unsl.edu.ar\/index.php\/wp-json\/wp\/v2\/categories?post=12405"},{"taxonomy":"post_tag","embeddable":true,"href":"https:\/\/humanas.unsl.edu.ar\/index.php\/wp-json\/wp\/v2\/tags?post=12405"}],"curies":[{"name":"wp","href":"https:\/\/api.w.org\/{rel}","templated":true}]}}