{"id":14007,"date":"2025-11-11T18:50:56","date_gmt":"2025-11-11T21:50:56","guid":{"rendered":"https:\/\/humanas.unsl.edu.ar\/?p=14007"},"modified":"2025-11-11T18:50:56","modified_gmt":"2025-11-11T21:50:56","slug":"jornada-cierre-profes","status":"publish","type":"post","link":"https:\/\/humanas.unsl.edu.ar\/index.php\/2025\/11\/11\/jornada-cierre-profes\/","title":{"rendered":"jornada cierre profes"},"content":{"rendered":"\n<div style=\"height:100px\" aria-hidden=\"true\" class=\"wp-block-spacer\"><\/div>\n\n\n\n<blockquote class=\"wp-block-quote\">\n<p class=\"has-text-align-center has-luminous-vivid-orange-background-color has-background has-medium-font-size\">Jornada de cierre del Programa PROFES 2025<\/p>\n\n\n\n<p>De <a><\/a>manera conjunta entre la Secretar\u00eda Acad\u00e9mica, la Secretar\u00eda de Innovaci\u00f3n Educativa y Posgrado, y la Facultad de Ciencias Humanas, se llev\u00f3 a cabo la Jornada-Taller de cierre del Programa PROFES 2025, una iniciativa de articulaci\u00f3n entre escuelas secundarias y la universidad.<\/p>\n\n\n\n<p><img decoding=\"async\" loading=\"lazy\" height=\"16\" width=\"16\" alt=\"\ud83d\udccd\" src=\"https:\/\/static.xx.fbcdn.net\/images\/emoji.php\/v9\/t2d\/1\/16\/1f4cd.png\"> El encuentro se desarroll\u00f3 en modalidad h\u00edbrida en las instalaciones de la UNSL, con la participaci\u00f3n de autoridades del Ministerio de Educaci\u00f3n de la provincia, m\u00e1s de 60 docentes y directivos de escuelas de San Luis, y docentes universitarios de diversas unidades acad\u00e9micas.<\/p>\n\n\n\n<p><img decoding=\"async\" loading=\"lazy\" height=\"16\" width=\"16\" alt=\"\ud83d\udcac\" src=\"https:\/\/static.xx.fbcdn.net\/images\/emoji.php\/v9\/t6e\/1\/16\/1f4ac.png\"> Durante la jornada se realiz\u00f3 el conversatorio<\/p>\n\n\n\n<p>\u201cDe la secundaria a la universidad: un pasaje como construcci\u00f3n. Desaf\u00edos para el trabajo docente y la conducci\u00f3n\u201d, a cargo del Esp. Gabriel Brener (UBA-UNAHur).<\/p>\n\n\n\n<p><img decoding=\"async\" loading=\"lazy\" height=\"16\" width=\"16\" alt=\"\ud83d\udccc\" src=\"https:\/\/static.xx.fbcdn.net\/images\/emoji.php\/v9\/tac\/1\/16\/1f4cc.png\"> Objetivos de la jornada:<\/p>\n\n\n\n<p>Generar un espacio de reflexi\u00f3n sobre el pasaje del nivel secundario a la universidad.<\/p>\n\n\n\n<p>Pensar colectivamente el rol de los distintos actores institucionales en la consolidaci\u00f3n del Programa PROFES.<\/p>\n\n\n\n<p>Construir aportes que fortalezcan su implementaci\u00f3n en las escuelas y en la universidad.<\/p>\n\n\n\n<p><img decoding=\"async\" loading=\"lazy\" height=\"16\" width=\"16\" alt=\"\u2728\" src=\"https:\/\/static.xx.fbcdn.net\/images\/emoji.php\/v9\/tf4\/1\/16\/2728.png\"> El encuentro permiti\u00f3 evaluar y proyectar colectivamente el Programa PROFES hacia 2026, con el prop\u00f3sito de fortalecer y consolidar esta pol\u00edtica educativa que busca ampliar los horizontes de los y las estudiantes secundarios.<\/p>\n<\/blockquote>\n","protected":false},"excerpt":{"rendered":"<p>Jornada de cierre del Programa PROFES 2025 De manera conjunta entre la Secretar\u00eda Acad\u00e9mica, la Secretar\u00eda de Innovaci\u00f3n Educativa y Posgrado, y la Facultad de Ciencias Humanas, se llev\u00f3 a cabo la Jornada-Taller de cierre del Programa PROFES 2025, una iniciativa de articulaci\u00f3n entre escuelas secundarias y la universidad. El encuentro se desarroll\u00f3 en modalidad &hellip;<\/p>\n<p class=\"read-more\"> <a class=\"\" href=\"https:\/\/humanas.unsl.edu.ar\/index.php\/2025\/11\/11\/jornada-cierre-profes\/\"> <span class=\"screen-reader-text\">jornada cierre profes<\/span> Leer m\u00e1s &raquo;<\/a><\/p>\n","protected":false},"author":1,"featured_media":13997,"comment_status":"closed","ping_status":"closed","sticky":false,"template":"","format":"standard","meta":{"site-sidebar-layout":"default","site-content-layout":"","ast-site-content-layout":"default","site-content-style":"default","site-sidebar-style":"default","ast-global-header-display":"","ast-banner-title-visibility":"","ast-main-header-display":"","ast-hfb-above-header-display":"","ast-hfb-below-header-display":"","ast-hfb-mobile-header-display":"","site-post-title":"","ast-breadcrumbs-content":"","ast-featured-img":"","footer-sml-layout":"","theme-transparent-header-meta":"","adv-header-id-meta":"","stick-header-meta":"","header-above-stick-meta":"","header-main-stick-meta":"","header-below-stick-meta":"","astra-migrate-meta-layouts":"set","ast-page-background-enabled":"default","ast-page-background-meta":{"desktop":{"background-color":"var(--ast-global-color-4)","background-image":"","background-repeat":"repeat","background-position":"center center","background-size":"auto","background-attachment":"scroll","background-type":"","background-media":"","overlay-type":"","overlay-color":"","overlay-gradient":""},"tablet":{"background-color":"","background-image":"","background-repeat":"repeat","background-position":"center center","background-size":"auto","background-attachment":"scroll","background-type":"","background-media":"","overlay-type":"","overlay-color":"","overlay-gradient":""},"mobile":{"background-color":"","background-image":"","background-repeat":"repeat","background-position":"center center","background-size":"auto","background-attachment":"scroll","background-type":"","background-media":"","overlay-type":"","overlay-color":"","overlay-gradient":""}},"ast-content-background-meta":{"desktop":{"background-color":"var(--ast-global-color-5)","background-image":"","background-repeat":"repeat","background-position":"center center","background-size":"auto","background-attachment":"scroll","background-type":"","background-media":"","overlay-type":"","overlay-color":"","overlay-gradient":""},"tablet":{"background-color":"var(--ast-global-color-5)","background-image":"","background-repeat":"repeat","background-position":"center center","background-size":"auto","background-attachment":"scroll","background-type":"","background-media":"","overlay-type":"","overlay-color":"","overlay-gradient":""},"mobile":{"background-color":"var(--ast-global-color-5)","background-image":"","background-repeat":"repeat","background-position":"center center","background-size":"auto","background-attachment":"scroll","background-type":"","background-media":"","overlay-type":"","overlay-color":"","overlay-gradient":""}}},"categories":[8,369,28,10],"tags":[102,14,36,38,66],"jetpack_featured_media_url":"https:\/\/humanas.unsl.edu.ar\/wp-content\/uploads\/2025\/11\/foto-cierre-profes-740x380-1.jpeg","_links":{"self":[{"href":"https:\/\/humanas.unsl.edu.ar\/index.php\/wp-json\/wp\/v2\/posts\/14007"}],"collection":[{"href":"https:\/\/humanas.unsl.edu.ar\/index.php\/wp-json\/wp\/v2\/posts"}],"about":[{"href":"https:\/\/humanas.unsl.edu.ar\/index.php\/wp-json\/wp\/v2\/types\/post"}],"author":[{"embeddable":true,"href":"https:\/\/humanas.unsl.edu.ar\/index.php\/wp-json\/wp\/v2\/users\/1"}],"replies":[{"embeddable":true,"href":"https:\/\/humanas.unsl.edu.ar\/index.php\/wp-json\/wp\/v2\/comments?post=14007"}],"version-history":[{"count":1,"href":"https:\/\/humanas.unsl.edu.ar\/index.php\/wp-json\/wp\/v2\/posts\/14007\/revisions"}],"predecessor-version":[{"id":14008,"href":"https:\/\/humanas.unsl.edu.ar\/index.php\/wp-json\/wp\/v2\/posts\/14007\/revisions\/14008"}],"wp:featuredmedia":[{"embeddable":true,"href":"https:\/\/humanas.unsl.edu.ar\/index.php\/wp-json\/wp\/v2\/media\/13997"}],"wp:attachment":[{"href":"https:\/\/humanas.unsl.edu.ar\/index.php\/wp-json\/wp\/v2\/media?parent=14007"}],"wp:term":[{"taxonomy":"category","embeddable":true,"href":"https:\/\/humanas.unsl.edu.ar\/index.php\/wp-json\/wp\/v2\/categories?post=14007"},{"taxonomy":"post_tag","embeddable":true,"href":"https:\/\/humanas.unsl.edu.ar\/index.php\/wp-json\/wp\/v2\/tags?post=14007"}],"curies":[{"name":"wp","href":"https:\/\/api.w.org\/{rel}","templated":true}]}}