{"id":14338,"date":"2025-12-17T08:06:47","date_gmt":"2025-12-17T11:06:47","guid":{"rendered":"https:\/\/humanas.unsl.edu.ar\/?p=14338"},"modified":"2025-12-22T17:03:57","modified_gmt":"2025-12-22T20:03:57","slug":"conejo-directivo-17-12","status":"publish","type":"post","link":"https:\/\/humanas.unsl.edu.ar\/index.php\/2025\/12\/17\/conejo-directivo-17-12\/","title":{"rendered":"consejo-directivo-17\/12"},"content":{"rendered":"\n<blockquote class=\"wp-block-quote has-text-align-left\">\n<div style=\"height:53px\" aria-hidden=\"true\" class=\"wp-block-spacer\"><\/div>\n<cite>CONSEJO DIRECTIVO FACULTAD DE CIENCIAS HUMANAS<br>ORDEN DEL D\u00cdA SESI\u00d3N ORDINARIA mi\u00e9rcoles 17 de diciembre. 9hs<br><br><br>I.- Informe de la Sra. Decana<br>II.- Justificaci\u00f3n de Inasistencias<br>III.- Lectura y consideraci\u00f3n de Actas: Acta No4\/2025<br>IV.- Inclusi\u00f3n de asuntos sobre tablas<br>V.- Asuntos con dictamen de Comisi\u00f3n<br>VI.- Asuntos entrados por Despacho<br><br>Otorgar Refer\u00e9ndum<br><br>Resoluci\u00f3n No1225\/2025 Adjudicar DIEZ (10) Becas en la categor\u00eda c) Tutor\u00edas de Pares,<br>reglamentadas por Ordenanza Consejo Directivo Na 3\/2018, convocadas por Resoluci\u00f3n Consejo<br>Directivo Na 399\/2025 (RCD04-399\/2025), por un per\u00edodo de DIEZ (10) meses, desde noviembre<br>de 2025 hasta agosto de 2026; por un monto de PESOS CUARENTA MIL ($40.000), desde<br>noviembre de 2025 a marzo de 2026 y por un monto de PESOS CINCUENTA MIL ($50.000),<br>desde abril hasta agosto de 2026; en pagos mensuales y consecutivos a cada adjudicatario\/a,<br>distribuidas en las Carreras de los TRES (3) Departamentos, imput\u00e1ndose el gasto al Presupuesto<br>Ordinario 2025.<br><br>Resoluci\u00f3n No1229\/2025 Designar de manera directa a la Licenciada Melisa Antonella<br>AGUIRRE, DU 38220223, en el cargo de Jefe de Trabajos Pr\u00e1cticos, Exclusivo, Interino, con<br>temas relativos a \u201cDid\u00e1ctica de las Ciencias Sociales\u201d, para el Profesorado en Educaci\u00f3n Especial,<br>con extensi\u00f3n a \u201cTaller de la Pr\u00e1ctica Docente II\u201d, para el Profesorado Universitario en Letras,<br>con funciones en el \u00c1rea No 4-I \u201cCurr\u00edculum y Did\u00e1ctica\u201d, del Departamento de Educaci\u00f3n y<br>Formaci\u00f3n Docente, a partir del 1 de noviembre de 2025 hasta el Llamado a Concurso Efectivo.<br><br>Resoluci\u00f3n No 1232\/2025 Autorizar el Cambio de Car\u00e1cter de Suplente a Interino, a la Profesora<br>Elina Mariela BUSTOS, DU 26467603, en el Cargo de Auxiliar de Primera, Semiexclusivo, en<br>la asignatura &#8220;La Intervenci\u00f3n Educativa en la Problem\u00e1tica de la Sordera&#8221;, del Profesorado de<br>Educaci\u00f3n Especial, con extensi\u00f3n a &#8220;Infancias, educaci\u00f3n y diversidad&#8221;, del Profesorado y<br>Licenciatura en Educaci\u00f3n Inicial, con funciones en el \u00c1rea N\u00b0 4-II \u201cSujetos y Contextos\u201d, del<br>Departamento de Educaci\u00f3n y Formaci\u00f3n Docente.<br><br>Resoluci\u00f3n No1268\/2025 Determinar la Efectiva Prestaci\u00f3n de Servicios a la Magister Mar\u00eda Jos\u00e9<br>PORTA, DU 28184885, en el cargo de Jefe de Trabajos Pr\u00e1cticos, Exclusivo, Efectivo, con temas<br>relativos a \u201cDid\u00e1ctica y Curr\u00edculum\u201d, del Profesorado y la Licenciatura en Ciencias de la<br>Educaci\u00f3n, con funciones en el \u00c1rea N\u00b0 4-I \u201cCurr\u00edculum y Did\u00e1ctica\u201d, del Departamento de<br>Educaci\u00f3n y Formaci\u00f3n Docente.<br><br>Resoluci\u00f3n No 1269\/2025 Determinar la Efectiva Prestaci\u00f3n de Servicios a la Especialista Andrea<br>Cristina CACACE MINI, DU 28838301, en el cargo de Jefe de Trabajos Pr\u00e1cticos, Exclusivo,<br>Efectivo, con temas relativos a \u201cFilosof\u00eda de la Educaci\u00f3n\u201d, del Profesorado y Licenciatura en<br>Ciencias de la Educaci\u00f3n, con extensi\u00f3n a \u201cEpistemolog\u00eda\u201d, de la Licenciatura en Educaci\u00f3n<br>Inicial, con funciones en el \u00c1rea N\u00b0 1 \u201cB\u00e1sica I\u201d<br><br>Resoluci\u00f3n No 1270\/2025 Determinar la Efectiva Prestaci\u00f3n de Servicios a la Licenciada Elena<br>Ver\u00f3nica MIRANDA, DU 22140130, en el cargo de Jefe de Trabajos Pr\u00e1cticos, Semiexclusivo,<br>Efectivo, con temas relativos a \u201cComunicaci\u00f3n Radiof\u00f3nica\u201d, de la Licenciatura en<br>Comunicaci\u00f3n Social, con funciones en el \u00c1rea No 7 \u201cEstrategias de Producci\u00f3n\u201d, del<br>Departamento de Comunicaci\u00f3n.<br><br>Resoluci\u00f3n No 1330\/2025 Rectificar la Resoluci\u00f3n Consejo Directivo N\u00b0 444\/2025 (RCD04-<br>444\/2025), de la siguiente manera: Donde dice: Adjudicar QUINCE (15) Becas a Docentes<br>Responsables de las Comisiones del Curso de Apoyo 2026, por un monto total de PESOS<br>CIENTO VEINTE MIL ($120.000), en un pago \u00fanico a cada adjudicatario\/a, durante el per\u00edodo<br>comprendido de febrero-marzo 2026. Debe decir: Adjudicar CATORCE (14) Becas para<br>Docentes Responsables de las Comisiones del Curso de Apoyo 2026, por un monto de PESOS<br>CIENTO VEINTE MIL ($120.000), en un solo pago a cada adjudicatario\/a, por el per\u00edodo<br>comprendido de febrero-marzo 2026, en el marco del Programa de Ingreso y Permanencia (PIPE),<br>de la Facultad de Ciencias Humanas, conforme n\u00f3mina en Anexo.<br><br>Resoluci\u00f3n No1331\/2025 Ampliar la Resoluci\u00f3n Consejo Directivo N\u00b0 444\/2025 (RCD04-<br>444\/2025), para la adjudicaci\u00f3n de UNA (1) Beca a la Docente Roc\u00edo Valeria FERREYRA<br>GIM\u00c9NEZ, CUIL 27-36309988-8,por un monto total de PESOS CIENTO VEINTE MIL<br>($120.000), en un pago \u00fanico, durante el per\u00edodo comprendido de febrero-marzo<br>2026,Responsable de la Comisi\u00f3n del Curso de Apoyo 2026, para la Carrera Profesorado de<br>Educaci\u00f3n Especial, sede Concar\u00e1n, en el Marco del Convenio firmado entre el Municipio de<br>Concar\u00e1n y la Universidad Nacional de San Luis.<br><br>V.- ASUNTOS CON DICTAMEN DE COMISI\u00d3N<br>COMISI\u00d3N DE ASUNTOS ACADEMICOS<br><br>Llamados a Concursos<br><br>EXPE 21026 \/ 2025 Departamento de Educaci\u00f3n y Formaci\u00f3n Docente, \u00c1rea 4-1, solicita<br>llamado a concurso para el Cargo de Auxiliar de Primera, dedicaci\u00f3n Exclusiva, car\u00e1cter Efectivo<br>con temas relativos a la \u201cPr\u00e1ctica VII: Pr\u00e1ctica Profesional\u201d, para la carrera Profesorado en<br>Educaci\u00f3n Especial.<br><br>EXPE 25574 \/ 2025 Departamento de Educaci\u00f3n y Formaci\u00f3n Docente, \u00c1rea 2, solicita llamado<br>a concurso de un cargo de Auxiliar de Primera Efectivo Exclusivo con temas relativos a Pedagog\u00eda<br>para las carreras de Prof. y Lic. En Ciencias de la Educaci\u00f3n.<br><br>EXPE 25970 \/ 2025 Departamento de Educaci\u00f3n y Formaci\u00f3n Docente, \u00c1rea 1 B\u00e1sica II, solicita<br>llamado a Concurso p\u00fablico y abierto para cubrir un cargo de Auxiliar de primera exclusivo<br>efectivo, con temas relativos a Historia Argentina y Americana , carreras de Licenciatura en<br>Comunicaci\u00f3n Social, Licenciatura en Periodismo y Licenciatura en producci\u00f3n de Radio y TV.<br><br>EXPE 25680 \/ 2025 Departamento Educaci\u00f3n y Formaci\u00f3n Docente, \u00c1rea 6, solicita llamado a<br>concurso p\u00fablico y abierto de antecedentes y oposici\u00f3n para el cargo de Jefe de Trabajos<br>Pr\u00e1cticos, Exclusivo Efectivo, con temas relativos a Taller Investigaci\u00f3n Educativa y Pr\u00e1ctica<br>Docente, de las Carreras Profesorado y Licenciatura en Educaci\u00f3n Inicial.<br><br>EXPE 24791 \/ 2025 Departamento de Educaci\u00f3n y Formaci\u00f3n Docente, \u00c1rea 4-1 Curr\u00edculum y<br>Did\u00e1ctica, solicita llamado a Concurso p\u00fablico y abierto de antecedentes y oposici\u00f3n, para el<br>Cargo Auxiliar de Primera, Efectivo, dedicaci\u00f3n Exclusiva, con temas relativos al \u201cSeminario de<br>An\u00e1lisis de materiales para la Intervenci\u00f3n Escolar\u201d, del Profesorado y Licenciatura en Educaci\u00f3n<br><br>EXPE 16660 \/ 2025 Departamento de Educaci\u00f3n y Formaci\u00f3n Docente, \u00c1rea 2 Pedag\u00f3gica,<br>llamado a concurso p\u00fablico y abierto para un cargo Profesor Asociado Efectivo Exclusivo, con<br>temas relativos a Instituciones Educativas para la carrera de Profesorado Universitario en Letras.<br>Concursos\/ Inscripci\u00f3n de Aspirantes Sustanciados<br><br>EXPE 16176 \/ 2025 Departamento de Comunicaci\u00f3n, \u00c1rea 7, solicita llamado a inscripci\u00f3n de<br>aspirantes p\u00fablico y abierto para cubrir un cargo de Auxiliar de Primera, Exclusivo Suplente para<br>la asignatura Pr\u00e1ctica Integral de Televisi\u00f3n I.<br><br>EXPE 16304 \/ 2025 Departamento de Educaci\u00f3n y Formaci\u00f3n Docente, \u00c1rea 4-1 Curr\u00edculum y<br>Did\u00e1ctica, solicita cobertura de vacancia transitoria por inscripci\u00f3n cerrada al \u00e1rea de aspirantes<br>para un cargo de Profesor Asociado, interino, exclusivo.<br><br>EXPE 4581 \/ 2024 \u00c1rea 5 &#8220;Arte y Est\u00e9tica&#8221;, solicita llamado a Concurso Efectivo para un Cargo<br>Jefe de Trabajos Pr\u00e1cticos, Dedicaci\u00f3n Semiexclusiva, con temas relativos a &#8220;Doblaje y<br>Sonorizaci\u00f3n&#8221;<br><br>EXPE 11163 \/ 2023 \u00c1rea 13 &#8220;Literatura&#8221;, solicita creaci\u00f3n de un cargo de Jefe de Trabajo<br>Pr\u00e1ctico con dedicaci\u00f3n Semiexclusiva, para promoci\u00f3n de carrera con temas relativos a<br>&#8220;Literatura Inglesa y Norteamericana&#8221; del Profesorado Universitario en Letras<br><br>EXPE 1746 \/ 2022 Departamento de Educaci\u00f3n y Formaci\u00f3n Docente. -\u00c1rea 10 \u2013LENGUAS<br>EXTRANJERAS- FCH.- Solicita llamado a concurso p\u00fablico y abierto un cargo de Profesor<br>Titular Efectivo Exclusivo, Temas relativos a FRANC\u00c9S Lengua Extranjera para la Licenciatura<br>en Psicolog\u00eda.<br><br>EXPE 20060 \/ 2025 Departamento de Comunicaci\u00f3n, \u00c1rea 7, solicita llamado a inscripci\u00f3n de<br>aspirantes, p\u00fablico y abierto, para cubrir un cargo de Auxiliar de Primera, Semiexclusivo<br>Suplente, correspondiente a la asignatura Pr\u00e1ctica Integral de Radio I de la Lic. en Producci\u00f3n de<br>Radio y TV.<br><br>EXPE 218 \/ 2024 \u00c1rea 10 &#8220;Lenguas Extranjeras&#8221;, solicita llamado a concurso p\u00fablico y abierto<br>para un cargo de Jefe de Trabajos Pr\u00e1cticos Efectivo, con dedicaci\u00f3n Exclusiva, con destino al<br>\u00c1rea 10, con temas relativos a Ingl\u00e9s T\u00e9cnico Kin\u00e9sico y M\u00e9dico con extensi\u00f3n a \u201cIngl\u00e9s<br>T\u00e9cnico\u201d (Optativo obligatorio) de la Lic. en Nutrici\u00f3n. (Liberado por Luc\u00eda Zuppa)<br>Designaciones directas<br><br>EXPE 25612 \/ 2025 Departamento de Comunicaci\u00f3n, \u00c1rea 9, solicita la cobertura de vacancia<br>transitoria por designaci\u00f3n directa de docente Guillermo BOVO, DU 25868292, en el cargo de<br>Profesor Adjunto Semiexclusivo, con temas relativos a Pol\u00edtica y Comunicaci\u00f3n, de la<br>Licenciatura en Periodismo.<br><br>Cambio de car\u00e1cter<br><br>EXPE 25536 \/ 2025 \u00c1rea 2 Pedag\u00f3gica solicita cambio de car\u00e1cter del cargo a la Profesora Mayra<br>Yan\u00edn Arana, DU 34659255, de Auxiliar de Primera Exclusivo Suplente a Auxiliar de Primera<br>Exclusivo Interino<br><br>EXPE 25868 \/ 2025 Departamento de Educaci\u00f3n y Formaci\u00f3n Docente, \u00c1rea 6, solicita cambio<br>de car\u00e1cter del cargo JTP suplente a Interino de la Prof. Mar\u00eda Constanza Valdez, en la asignatura<br>Investigaci\u00f3n Educativa II , Lic. y Prof. en Ciencias de la Educaci\u00f3n.<br><br>EXPE 25964 \/ 2025 Departamento de Educaci\u00f3n y Formaci\u00f3n Docente, \u00c1rea 1 B\u00e1sica II, solicita<br>cambio de car\u00e1cter de suplente a Interino del cargo de Auxiliar de Primera Exclusivo que<br>actualmente ocupa el docente Jos\u00e9 Luis Tello.<br><br>EXPE 25897 \/ 2025 Departamento de Educaci\u00f3n y Formaci\u00f3n Docente, \u00c1rea 10, solicita cambio<br>de car\u00e1cter de Suplente a Interino de la profesora Mariana LANDA, DU 22698351, en un cargo<br>de JTP exclusivo<br><br>EXPE 24785 \/ 2025 Departamento de Educaci\u00f3n y Formaci\u00f3n Docente, \u00c1rea 4-1 Curr\u00edculum y<br>Did\u00e1ctica, solicita cambio de car\u00e1cter de suplente a interino de la Prof. Mar\u00eda Jos\u00e9 Fonseca.<br><br>ENTRADOS POR DESPACHO<br><br>1-EXPE 28425 \/ 2025 Karina Marchevsky solicita aval acad\u00e9mico para el 4to Foro Nacional de<br>Gesti\u00f3n y Educaci\u00f3n Ambiental en Universidades y 7ma Reuni\u00f3n Plenaria de la Red UAGAIS.<br>2- EXPE 28476 \/ 2025 Marisa Aydee Fidela Labayen, DU 20135108, solicita ejercicio de<br>Derecho a R\u00e9plica<br><br>3-EXPE 2408 \/ 2024 Elevan proyecto de nueva Carrera de Posgrado: Doctorado en Ciencias<br>Sociales &#8211; Dra. Gasquez, Dr. Elorza, Dr. Gorra, Dr. Seveso, Dr. Ginestra y Dra. Rolfi<br><br>4- EXPE 27447 \/ 2025 Brinia Guaycochea solicita designaci\u00f3n de Profesora Visitante a la<br>Mag\u00edster en Educaci\u00f3n en Escenarios Digitales Mar\u00eda Daniela Farr\u00e9 para la Especializaci\u00f3n en<br>Planificaci\u00f3n y Gesti\u00f3n de la Ense\u00f1anza<br><br>5- EXPE 28477 \/ 2025 Gabriela In\u00e9s Rizzi, DU 18068549, solicita aval acad\u00e9mico para la<br>realizaci\u00f3n del XVII Congreso Internacional y Virtual CITELE, Congreso de Ciencias,<br>Tecnolog\u00eda y Lenguajes, \u201cNarrativas del Post-Metaverso\u201d.<\/cite><\/blockquote>\n","protected":false},"excerpt":{"rendered":"","protected":false},"author":1,"featured_media":12216,"comment_status":"closed","ping_status":"closed","sticky":false,"template":"","format":"standard","meta":{"site-sidebar-layout":"default","site-content-layout":"","ast-site-content-layout":"default","site-content-style":"default","site-sidebar-style":"default","ast-global-header-display":"","ast-banner-title-visibility":"","ast-main-header-display":"","ast-hfb-above-header-display":"","ast-hfb-below-header-display":"","ast-hfb-mobile-header-display":"","site-post-title":"","ast-breadcrumbs-content":"","ast-featured-img":"","footer-sml-layout":"","theme-transparent-header-meta":"","adv-header-id-meta":"","stick-header-meta":"","header-above-stick-meta":"","header-main-stick-meta":"","header-below-stick-meta":"","astra-migrate-meta-layouts":"set","ast-page-background-enabled":"default","ast-page-background-meta":{"desktop":{"background-color":"var(--ast-global-color-4)","background-image":"","background-repeat":"repeat","background-position":"center center","background-size":"auto","background-attachment":"scroll","background-type":"","background-media":"","overlay-type":"","overlay-color":"","overlay-gradient":""},"tablet":{"background-color":"","background-image":"","background-repeat":"repeat","background-position":"center center","background-size":"auto","background-attachment":"scroll","background-type":"","background-media":"","overlay-type":"","overlay-color":"","overlay-gradient":""},"mobile":{"background-color":"","background-image":"","background-repeat":"repeat","background-position":"center center","background-size":"auto","background-attachment":"scroll","background-type":"","background-media":"","overlay-type":"","overlay-color":"","overlay-gradient":""}},"ast-content-background-meta":{"desktop":{"background-color":"var(--ast-global-color-5)","background-image":"","background-repeat":"repeat","background-position":"center center","background-size":"auto","background-attachment":"scroll","background-type":"","background-media":"","overlay-type":"","overlay-color":"","overlay-gradient":""},"tablet":{"background-color":"var(--ast-global-color-5)","background-image":"","background-repeat":"repeat","background-position":"center center","background-size":"auto","background-attachment":"scroll","background-type":"","background-media":"","overlay-type":"","overlay-color":"","overlay-gradient":""},"mobile":{"background-color":"var(--ast-global-color-5)","background-image":"","background-repeat":"repeat","background-position":"center center","background-size":"auto","background-attachment":"scroll","background-type":"","background-media":"","overlay-type":"","overlay-color":"","overlay-gradient":""}}},"categories":[10,9],"tags":[159,471],"jetpack_featured_media_url":"https:\/\/humanas.unsl.edu.ar\/wp-content\/uploads\/2025\/03\/logo_concejo_directiv0-740x380-1-300x154-1.png","_links":{"self":[{"href":"https:\/\/humanas.unsl.edu.ar\/index.php\/wp-json\/wp\/v2\/posts\/14338"}],"collection":[{"href":"https:\/\/humanas.unsl.edu.ar\/index.php\/wp-json\/wp\/v2\/posts"}],"about":[{"href":"https:\/\/humanas.unsl.edu.ar\/index.php\/wp-json\/wp\/v2\/types\/post"}],"author":[{"embeddable":true,"href":"https:\/\/humanas.unsl.edu.ar\/index.php\/wp-json\/wp\/v2\/users\/1"}],"replies":[{"embeddable":true,"href":"https:\/\/humanas.unsl.edu.ar\/index.php\/wp-json\/wp\/v2\/comments?post=14338"}],"version-history":[{"count":3,"href":"https:\/\/humanas.unsl.edu.ar\/index.php\/wp-json\/wp\/v2\/posts\/14338\/revisions"}],"predecessor-version":[{"id":14342,"href":"https:\/\/humanas.unsl.edu.ar\/index.php\/wp-json\/wp\/v2\/posts\/14338\/revisions\/14342"}],"wp:featuredmedia":[{"embeddable":true,"href":"https:\/\/humanas.unsl.edu.ar\/index.php\/wp-json\/wp\/v2\/media\/12216"}],"wp:attachment":[{"href":"https:\/\/humanas.unsl.edu.ar\/index.php\/wp-json\/wp\/v2\/media?parent=14338"}],"wp:term":[{"taxonomy":"category","embeddable":true,"href":"https:\/\/humanas.unsl.edu.ar\/index.php\/wp-json\/wp\/v2\/categories?post=14338"},{"taxonomy":"post_tag","embeddable":true,"href":"https:\/\/humanas.unsl.edu.ar\/index.php\/wp-json\/wp\/v2\/tags?post=14338"}],"curies":[{"name":"wp","href":"https:\/\/api.w.org\/{rel}","templated":true}]}}