{"id":3119,"date":"2022-07-04T17:47:03","date_gmt":"2022-07-04T20:47:03","guid":{"rendered":"https:\/\/humanas.unsl.edu.ar\/?p=3119"},"modified":"2022-08-25T20:04:42","modified_gmt":"2022-08-25T23:04:42","slug":"mas-de-150-estudiantes-de-nivel-secundario-en-la-unsl","status":"publish","type":"post","link":"https:\/\/humanas.unsl.edu.ar\/index.php\/2022\/07\/04\/mas-de-150-estudiantes-de-nivel-secundario-en-la-unsl\/","title":{"rendered":"M\u00e1s de 150 estudiantes de nivel secundario en la UNSL"},"content":{"rendered":"\n<p>Escuelas secundarias a las que asisten estudiantes de sectores populares compartieron un d\u00eda en la universidad. &nbsp;Durante toda una jornada, cerca de 150 estudiantes de siete escuelas de San Luis realizaron diferentes actividades que los acercan con algunas din\u00e1micas que hacen a la cotidianeidad universitaria. Al mismo tiempo, se propici\u00f3 un encuentro con ingresantes de diferentes carreras de la FCH con el fin de compartir experiencias y expectativas que habiliten a pensar los estudios universitarios como un futuro posible.<\/p>\n\n\n\n<p>El prop\u00f3sito central de todas estas actividades es y fue promover el derecho a los estudios universitarios en j\u00f3venes.<\/p>\n\n\n\n<p>Esta jornada constituye el cierre parcial de las actividades realizadas en el primer semestre por el proyecto de extensi\u00f3n &#8220;Construyendo Horizontes Universitarios&#8221;, de la Facultad de Ciencias Humanas, dirigido Gabriel Rosales y Mirian Goyeneche. Cuenta Rosales: \u201cLa jornada signific\u00f3 para nosotres el cierre del trabajo del primer semestre. Durante esta primera parte del a\u00f1o realizamos diversas actividades en las escuelas (encuestas, entrevistas, grupos de discusi\u00f3n, entre otras) que nos permitieron conocer c\u00f3mo les estudiantes de sectores populares imaginan el proceso de transici\u00f3n de la escolaridad secundaria a los estudios superiores y\/o el mundo del trabajo. En este sentido nos llam\u00f3 particularmente la atenci\u00f3n las preocupaciones que manifestaron no s\u00f3lo por cuestiones pedag\u00f3gicas, sino por las dificultades e incertidumbres socio-econ\u00f3micas y c\u00f3mo estas conspiran para la planificaci\u00f3n de sus proyectos futuros\u201d.<\/p>\n\n\n\n<figure class=\"wp-block-image size-full is-resized\"><img decoding=\"async\" loading=\"lazy\" src=\"https:\/\/humanas.unsl.edu.ar\/wp-content\/uploads\/2022\/07\/banner-wordpress-unsl-3.png\" alt=\"\" class=\"wp-image-3120\" width=\"868\" height=\"586\"\/><\/figure>\n\n\n\n<p><strong>Los desaf\u00edos<\/strong><\/p>\n\n\n\n<p>Desde febrero, el proyecto trabaja en articulaci\u00f3n con seis escuelas de nuestra ciudad: Esc. N\u00b06 \u201cSanta Mar\u00eda Eufrasia\u201d; EPA N\u00b0 3 \u201cMadre Teresa de Calcuta\u201d; EPA N\u00b011 \u201cCarlos Juan Rodr\u00edguez\u201d; CE N\u00b03 \u201cEva Per\u00f3n\u201d, Esc. N\u00b0 Tulio Zavala\u201d y la Esc. T\u00e9cnica N\u00b09 \u201cDomingo Faustino Sarmiento\u201d.<\/p>\n\n\n\n<p>Durante la segunda parte del a\u00f1o, tomando como base algunas problem\u00e1ticas emergentes, se busca dise\u00f1ar algunos dispositivos pedag\u00f3gicos para abordarlas e intentar propiciar, en las y los estudiantes, una actitud reflexiva que les permita tener&nbsp;una visi\u00f3n m\u00e1s clara y reflexiva de las dificultades que enfrentan y con qu\u00e9 potencialidades&nbsp;y recursos (individuales, colectivos, institucionales) cuentan para afrontarlas.<\/p>\n\n\n\n<p>\u201cTambi\u00e9n, al interior del proyecto, el camino transitado&nbsp;contribuy\u00f3 a conformar un grupo de trabajo con las y los estudiantes tutores que participan de la iniciativa. Algo muy importante por las implicancias formativas que la experiencia tiene para ellos en tanto futuros profesionales comprometidos con las necesidades de su comunidad. Por otra parte, desde el punto de vista de la FCH, consideramos que este trabajo de articulaci\u00f3n tambi\u00e9n contribuye a que muchos chicos y chicas de sectores populares comiencen&nbsp;a imaginar a nuestra instituci\u00f3n como un destino posible en sus elecciones&nbsp;futuras. Lo cual nos pone tambi\u00e9n&nbsp;a nosotros, como instituci\u00f3n, ante el enorme desaf\u00edo pol\u00edtico y pedag\u00f3gico de la &#8220;hospitalidad&#8221; con estudiantes que, en su mayor parte, no se corresponden con el&nbsp;estereotipo del &#8220;alumno ideal&#8221; que esperamos\u201d, concluye Gabriel Rosales.<\/p>\n","protected":false},"excerpt":{"rendered":"<p>Escuelas secundarias a las que asisten estudiantes de sectores populares compartieron un d\u00eda en la universidad. &nbsp;Durante toda una jornada, cerca de 150 estudiantes de siete escuelas de San Luis realizaron diferentes actividades que los acercan con algunas din\u00e1micas que hacen a la cotidianeidad universitaria. Al mismo tiempo, se propici\u00f3 un encuentro con ingresantes de &hellip;<\/p>\n<p class=\"read-more\"> <a class=\"\" href=\"https:\/\/humanas.unsl.edu.ar\/index.php\/2022\/07\/04\/mas-de-150-estudiantes-de-nivel-secundario-en-la-unsl\/\"> <span class=\"screen-reader-text\">M\u00e1s de 150 estudiantes de nivel secundario en la UNSL<\/span> Leer m\u00e1s &raquo;<\/a><\/p>\n","protected":false},"author":7,"featured_media":3121,"comment_status":"open","ping_status":"open","sticky":false,"template":"","format":"standard","meta":{"site-sidebar-layout":"default","site-content-layout":"","ast-site-content-layout":"","site-content-style":"default","site-sidebar-style":"default","ast-global-header-display":"","ast-banner-title-visibility":"","ast-main-header-display":"","ast-hfb-above-header-display":"","ast-hfb-below-header-display":"","ast-hfb-mobile-header-display":"","site-post-title":"","ast-breadcrumbs-content":"","ast-featured-img":"","footer-sml-layout":"","theme-transparent-header-meta":"","adv-header-id-meta":"","stick-header-meta":"","header-above-stick-meta":"","header-main-stick-meta":"","header-below-stick-meta":"","astra-migrate-meta-layouts":"","ast-page-background-enabled":"default","ast-page-background-meta":{"desktop":{"background-color":"var(--ast-global-color-4)","background-image":"","background-repeat":"repeat","background-position":"center center","background-size":"auto","background-attachment":"scroll","background-type":"","background-media":"","overlay-type":"","overlay-color":"","overlay-gradient":""},"tablet":{"background-color":"","background-image":"","background-repeat":"repeat","background-position":"center center","background-size":"auto","background-attachment":"scroll","background-type":"","background-media":"","overlay-type":"","overlay-color":"","overlay-gradient":""},"mobile":{"background-color":"","background-image":"","background-repeat":"repeat","background-position":"center center","background-size":"auto","background-attachment":"scroll","background-type":"","background-media":"","overlay-type":"","overlay-color":"","overlay-gradient":""}},"ast-content-background-meta":{"desktop":{"background-color":"var(--ast-global-color-5)","background-image":"","background-repeat":"repeat","background-position":"center center","background-size":"auto","background-attachment":"scroll","background-type":"","background-media":"","overlay-type":"","overlay-color":"","overlay-gradient":""},"tablet":{"background-color":"var(--ast-global-color-5)","background-image":"","background-repeat":"repeat","background-position":"center center","background-size":"auto","background-attachment":"scroll","background-type":"","background-media":"","overlay-type":"","overlay-color":"","overlay-gradient":""},"mobile":{"background-color":"var(--ast-global-color-5)","background-image":"","background-repeat":"repeat","background-position":"center center","background-size":"auto","background-attachment":"scroll","background-type":"","background-media":"","overlay-type":"","overlay-color":"","overlay-gradient":""}}},"categories":[8],"tags":[38,39,20,37],"jetpack_featured_media_url":"https:\/\/humanas.unsl.edu.ar\/wp-content\/uploads\/2022\/07\/banner-wordpress-unsl-2.png","_links":{"self":[{"href":"https:\/\/humanas.unsl.edu.ar\/index.php\/wp-json\/wp\/v2\/posts\/3119"}],"collection":[{"href":"https:\/\/humanas.unsl.edu.ar\/index.php\/wp-json\/wp\/v2\/posts"}],"about":[{"href":"https:\/\/humanas.unsl.edu.ar\/index.php\/wp-json\/wp\/v2\/types\/post"}],"author":[{"embeddable":true,"href":"https:\/\/humanas.unsl.edu.ar\/index.php\/wp-json\/wp\/v2\/users\/7"}],"replies":[{"embeddable":true,"href":"https:\/\/humanas.unsl.edu.ar\/index.php\/wp-json\/wp\/v2\/comments?post=3119"}],"version-history":[{"count":1,"href":"https:\/\/humanas.unsl.edu.ar\/index.php\/wp-json\/wp\/v2\/posts\/3119\/revisions"}],"predecessor-version":[{"id":3122,"href":"https:\/\/humanas.unsl.edu.ar\/index.php\/wp-json\/wp\/v2\/posts\/3119\/revisions\/3122"}],"wp:featuredmedia":[{"embeddable":true,"href":"https:\/\/humanas.unsl.edu.ar\/index.php\/wp-json\/wp\/v2\/media\/3121"}],"wp:attachment":[{"href":"https:\/\/humanas.unsl.edu.ar\/index.php\/wp-json\/wp\/v2\/media?parent=3119"}],"wp:term":[{"taxonomy":"category","embeddable":true,"href":"https:\/\/humanas.unsl.edu.ar\/index.php\/wp-json\/wp\/v2\/categories?post=3119"},{"taxonomy":"post_tag","embeddable":true,"href":"https:\/\/humanas.unsl.edu.ar\/index.php\/wp-json\/wp\/v2\/tags?post=3119"}],"curies":[{"name":"wp","href":"https:\/\/api.w.org\/{rel}","templated":true}]}}