{"id":8570,"date":"2023-11-22T15:22:09","date_gmt":"2023-11-22T18:22:09","guid":{"rendered":"https:\/\/humanas.unsl.edu.ar\/?p=8570"},"modified":"2023-11-22T16:13:07","modified_gmt":"2023-11-22T19:13:07","slug":"jornada-taller-gestion-directiva-y-transformacion-institucional","status":"publish","type":"post","link":"https:\/\/humanas.unsl.edu.ar\/index.php\/2023\/11\/22\/jornada-taller-gestion-directiva-y-transformacion-institucional\/","title":{"rendered":"Jornada-Taller &#8220;Gesti\u00f3n directiva y transformaci\u00f3n institucional&#8230;"},"content":{"rendered":"\n<p>El programa de Formaci\u00f3n y Acompa\u00f1amiento en Escuelas P\u00fablicas invita a equipos directivos de escuelas p\u00fablicas de la Provincia de San Luis a la Jornada-Taller &#8220;Gesti\u00f3n directiva y transformaci\u00f3n institucional: la met\u00e1fora del DT y la construcci\u00f3n de autoridad&#8221;, a cargo del Esp. Gabriel Brener docente de la UBA y UNAHur.<\/p>\n\n\n\n<p><img decoding=\"async\" loading=\"lazy\" height=\"16\" width=\"16\" src=\"https:\/\/static.xx.fbcdn.net\/images\/emoji.php\/v9\/t51\/1\/16\/1f449.png\" alt=\"\ud83d\udc49\"><strong>Es el lunes 27 de noviembre, de 9 a 15 hs, en el aula 34 del Cuarto Bloque FCH- UNSL<\/strong><\/p>\n\n\n\n<p>La jornada tiene como objetivos:<\/p>\n\n\n\n<p><a><\/a><img decoding=\"async\" loading=\"lazy\" height=\"16\" width=\"16\" alt=\"\u2714\ufe0f\" src=\"https:\/\/static.xx.fbcdn.net\/images\/emoji.php\/v9\/t51\/1\/16\/2714.png\">Reflexionar acerca del lugar de los equipos de gesti\u00f3n directiva en la transformaci\u00f3n de las instituciones educativas.<\/p>\n\n\n\n<p><img decoding=\"async\" loading=\"lazy\" height=\"16\" width=\"16\" alt=\"\u2714\ufe0f\" src=\"https:\/\/static.xx.fbcdn.net\/images\/emoji.php\/v9\/t51\/1\/16\/2714.png\">Dialogar acerca de las problem\u00e1ticas que los equipos directivos enfrentan cotidianamente para aportar herramientas que permitan construir estrategias de mejora y bienestar institucional.<\/p>\n\n\n\n<p><img decoding=\"async\" loading=\"lazy\" height=\"16\" width=\"16\" alt=\"\u2714\ufe0f\" src=\"https:\/\/static.xx.fbcdn.net\/images\/emoji.php\/v9\/t51\/1\/16\/2714.png\">Reconocer aspectos comunes que posibiliten la reconstrucci\u00f3n de la autoridad pedag\u00f3gica y el sentido plural de la educaci\u00f3n p\u00fablica.<\/p>\n\n\n\n<p><img decoding=\"async\" loading=\"lazy\" height=\"16\" width=\"16\" alt=\"\ud83d\ude4c\" src=\"https:\/\/static.xx.fbcdn.net\/images\/emoji.php\/v9\/tfd\/1\/16\/1f64c.png\">Actividad gratuita dirigida exclusivamente a equipos directivos de escuelas p\u00fablicas de la provincia de San Luis.<\/p>\n\n\n\n<p><img decoding=\"async\" loading=\"lazy\" height=\"16\" width=\"16\" alt=\"\ud83c\udf10\" src=\"https:\/\/static.xx.fbcdn.net\/images\/emoji.php\/v9\/taa\/1\/16\/1f310.png\">Requiere inscripci\u00f3n previa (pedinos el link por MP).<\/p>\n\n\n\n<p>Se entregar\u00e1n certificados de asistencia<\/p>\n","protected":false},"excerpt":{"rendered":"<p>El programa de Formaci\u00f3n y Acompa\u00f1amiento en Escuelas P\u00fablicas invita a equipos directivos de escuelas p\u00fablicas de la Provincia de San Luis a la Jornada-Taller &#8220;Gesti\u00f3n directiva y transformaci\u00f3n institucional: la met\u00e1fora del DT y la construcci\u00f3n de autoridad&#8221;, a cargo del Esp. Gabriel Brener docente de la UBA y UNAHur. Es el lunes 27 &hellip;<\/p>\n<p class=\"read-more\"> <a class=\"\" href=\"https:\/\/humanas.unsl.edu.ar\/index.php\/2023\/11\/22\/jornada-taller-gestion-directiva-y-transformacion-institucional\/\"> <span class=\"screen-reader-text\">Jornada-Taller &#8220;Gesti\u00f3n directiva y transformaci\u00f3n institucional&#8230;<\/span> Leer m\u00e1s &raquo;<\/a><\/p>\n","protected":false},"author":1,"featured_media":0,"comment_status":"closed","ping_status":"closed","sticky":false,"template":"","format":"standard","meta":{"site-sidebar-layout":"default","site-content-layout":"","ast-site-content-layout":"default","site-content-style":"default","site-sidebar-style":"default","ast-global-header-display":"","ast-banner-title-visibility":"","ast-main-header-display":"","ast-hfb-above-header-display":"","ast-hfb-below-header-display":"","ast-hfb-mobile-header-display":"","site-post-title":"","ast-breadcrumbs-content":"","ast-featured-img":"","footer-sml-layout":"","theme-transparent-header-meta":"","adv-header-id-meta":"","stick-header-meta":"","header-above-stick-meta":"","header-main-stick-meta":"","header-below-stick-meta":"","astra-migrate-meta-layouts":"set","ast-page-background-enabled":"default","ast-page-background-meta":{"desktop":{"background-color":"var(--ast-global-color-4)","background-image":"","background-repeat":"repeat","background-position":"center center","background-size":"auto","background-attachment":"scroll","background-type":"","background-media":"","overlay-type":"","overlay-color":"","overlay-gradient":""},"tablet":{"background-color":"","background-image":"","background-repeat":"repeat","background-position":"center center","background-size":"auto","background-attachment":"scroll","background-type":"","background-media":"","overlay-type":"","overlay-color":"","overlay-gradient":""},"mobile":{"background-color":"","background-image":"","background-repeat":"repeat","background-position":"center center","background-size":"auto","background-attachment":"scroll","background-type":"","background-media":"","overlay-type":"","overlay-color":"","overlay-gradient":""}},"ast-content-background-meta":{"desktop":{"background-color":"var(--ast-global-color-5)","background-image":"","background-repeat":"repeat","background-position":"center center","background-size":"auto","background-attachment":"scroll","background-type":"","background-media":"","overlay-type":"","overlay-color":"","overlay-gradient":""},"tablet":{"background-color":"var(--ast-global-color-5)","background-image":"","background-repeat":"repeat","background-position":"center center","background-size":"auto","background-attachment":"scroll","background-type":"","background-media":"","overlay-type":"","overlay-color":"","overlay-gradient":""},"mobile":{"background-color":"var(--ast-global-color-5)","background-image":"","background-repeat":"repeat","background-position":"center center","background-size":"auto","background-attachment":"scroll","background-type":"","background-media":"","overlay-type":"","overlay-color":"","overlay-gradient":""}}},"categories":[30,10,9],"tags":[230,36,229],"jetpack_featured_media_url":"","_links":{"self":[{"href":"https:\/\/humanas.unsl.edu.ar\/index.php\/wp-json\/wp\/v2\/posts\/8570"}],"collection":[{"href":"https:\/\/humanas.unsl.edu.ar\/index.php\/wp-json\/wp\/v2\/posts"}],"about":[{"href":"https:\/\/humanas.unsl.edu.ar\/index.php\/wp-json\/wp\/v2\/types\/post"}],"author":[{"embeddable":true,"href":"https:\/\/humanas.unsl.edu.ar\/index.php\/wp-json\/wp\/v2\/users\/1"}],"replies":[{"embeddable":true,"href":"https:\/\/humanas.unsl.edu.ar\/index.php\/wp-json\/wp\/v2\/comments?post=8570"}],"version-history":[{"count":1,"href":"https:\/\/humanas.unsl.edu.ar\/index.php\/wp-json\/wp\/v2\/posts\/8570\/revisions"}],"predecessor-version":[{"id":8571,"href":"https:\/\/humanas.unsl.edu.ar\/index.php\/wp-json\/wp\/v2\/posts\/8570\/revisions\/8571"}],"wp:attachment":[{"href":"https:\/\/humanas.unsl.edu.ar\/index.php\/wp-json\/wp\/v2\/media?parent=8570"}],"wp:term":[{"taxonomy":"category","embeddable":true,"href":"https:\/\/humanas.unsl.edu.ar\/index.php\/wp-json\/wp\/v2\/categories?post=8570"},{"taxonomy":"post_tag","embeddable":true,"href":"https:\/\/humanas.unsl.edu.ar\/index.php\/wp-json\/wp\/v2\/tags?post=8570"}],"curies":[{"name":"wp","href":"https:\/\/api.w.org\/{rel}","templated":true}]}}