{"id":8580,"date":"2023-11-22T16:06:06","date_gmt":"2023-11-22T19:06:06","guid":{"rendered":"https:\/\/humanas.unsl.edu.ar\/?p=8580"},"modified":"2023-11-22T16:06:06","modified_gmt":"2023-11-22T19:06:06","slug":"hablamos-sobre-la-formacion-en-investigacion","status":"publish","type":"post","link":"https:\/\/humanas.unsl.edu.ar\/index.php\/2023\/11\/22\/hablamos-sobre-la-formacion-en-investigacion\/","title":{"rendered":"Hablamos sobre la formaci\u00f3n en Investigaci\u00f3n"},"content":{"rendered":"\n<p class=\"has-text-align-center\"><strong>HABLAMOS SOBRE LA FORMACI\u00d3N EN INVESTIGACI\u00d3N EN LAS CARRERAS DE EDUCACI\u00d3N<\/strong><\/p>\n\n\n\n<p>El 30 de noviembre y 1 de diciembre se llevar\u00e1 a cabo en la UNSL el Primer Encuentro de la Red de Espacios Curriculares de Formaci\u00f3n en Investigaci\u00f3n de Carreras de Educaci\u00f3n de Universidades Nacionales (RECFICE).<\/p>\n\n\n\n<p><img decoding=\"async\" loading=\"lazy\" height=\"16\" width=\"16\" alt=\"\ud83d\udc49\" src=\"https:\/\/static.xx.fbcdn.net\/images\/emoji.php\/v9\/t51\/1\/16\/1f449.png\">Durante dos d\u00edas, docentes y formadoras\/es en investigaci\u00f3n en carreras de educaci\u00f3n y ciencias de la educaci\u00f3n de varias Universidades P\u00fablicas Nacionales trabajar\u00e1n en torno a la <a><\/a>generaci\u00f3n de espacios y el intercambio de experiencias vinculados a la formaci\u00f3n en investigaci\u00f3n en carreras de grado de educaci\u00f3n en Universidades P\u00fablicas Nacionales de Argentina. Asimismo, se contribuir\u00e1 a la generaci\u00f3n y desarrollo de pr\u00e1cticas de investigaci\u00f3n y formaci\u00f3n en investigaci\u00f3n que nutran y fortalezcan lo que se est\u00e1 conformando como \u201cparadigma latinoamericano de investigaci\u00f3n&#8221;.<\/p>\n\n\n\n<p><img decoding=\"async\" loading=\"lazy\" height=\"16\" width=\"16\" alt=\"\ud83d\ude4c\" src=\"https:\/\/static.xx.fbcdn.net\/images\/emoji.php\/v9\/tfd\/1\/16\/1f64c.png\">Hay actividades abiertas, libres y gratuitas a las que se invita a participar a docentes, investigadores, estudiantes y p\u00fablico en general. Se pide inscripci\u00f3n<\/p>\n\n\n\n<p>Programa:<\/p>\n\n\n\n<p><img decoding=\"async\" loading=\"lazy\" height=\"16\" width=\"16\" src=\"https:\/\/static.xx.fbcdn.net\/images\/emoji.php\/v9\/t51\/1\/16\/2714.png\" alt=\"\u2714\ufe0f\"><strong>Jueves 30 de noviembre (abierto al p\u00fablico):<\/strong><\/p>\n\n\n\n<p>*9 hs, Aula 1 (Segundo piso edificio Anexo Cuarto Bloque): Apertura del encuentro<\/p>\n\n\n\n<p>*10 a 13 hs, (Segundo piso edificio Anexo Cuarto Bloque): Conversatorio a cargo de Integrantes de la Red.<\/p>\n\n\n\n<p>*15 a 18 hs (Microcine UNSL): Relato de experiencias de Formaci\u00f3n en investigaci\u00f3n en Universidades P\u00fablicas Nacionales de Argentina. Presentaciones a cargo de equipo docentes integrantes de la Red<\/p>\n\n\n\n<p>*20 hs (ADU): Evento cultural<\/p>\n\n\n\n<p><img decoding=\"async\" loading=\"lazy\" height=\"16\" width=\"16\" src=\"https:\/\/static.xx.fbcdn.net\/images\/emoji.php\/v9\/t51\/1\/16\/2714.png\" alt=\"\u2714\ufe0f\"><strong>Viernes 1 de diciembre (actividades internas de la red)<\/strong><\/p>\n\n\n\n<p>*9 hs &#8211; Cartograf\u00eda sobre la formaci\u00f3n en investigaci\u00f3n en espacios curriculares de carreras de educaci\u00f3n y ciencias de la educaci\u00f3n, con el objetivo de tener un estado de situaci\u00f3n y desaf\u00edos de la formaci\u00f3n en investigaci\u00f3n. L\u00edneas de salida.<\/p>\n\n\n\n<p>*12 hs &#8211; Cierre del encuentro: s\u00edntesis de las mesas de trabajo y acuerdos para la continuidad de la Red.<\/p>\n\n\n\n<p><img decoding=\"async\" loading=\"lazy\" height=\"16\" width=\"16\" src=\"https:\/\/static.xx.fbcdn.net\/images\/emoji.php\/v9\/t37\/1\/16\/2709.png\" alt=\"\u2709\ufe0f\">Informaci\u00f3n: <a href=\"mailto:recfice@gmail.com\">recfice@gmail.com<\/a><\/p>\n","protected":false},"excerpt":{"rendered":"<p>HABLAMOS SOBRE LA FORMACI\u00d3N EN INVESTIGACI\u00d3N EN LAS CARRERAS DE EDUCACI\u00d3N El 30 de noviembre y 1 de diciembre se llevar\u00e1 a cabo en la UNSL el Primer Encuentro de la Red de Espacios Curriculares de Formaci\u00f3n en Investigaci\u00f3n de Carreras de Educaci\u00f3n de Universidades Nacionales (RECFICE). Durante dos d\u00edas, docentes y formadoras\/es en investigaci\u00f3n &hellip;<\/p>\n<p class=\"read-more\"> <a class=\"\" href=\"https:\/\/humanas.unsl.edu.ar\/index.php\/2023\/11\/22\/hablamos-sobre-la-formacion-en-investigacion\/\"> <span class=\"screen-reader-text\">Hablamos sobre la formaci\u00f3n en Investigaci\u00f3n<\/span> Leer m\u00e1s &raquo;<\/a><\/p>\n","protected":false},"author":1,"featured_media":0,"comment_status":"closed","ping_status":"closed","sticky":false,"template":"","format":"standard","meta":{"site-sidebar-layout":"default","site-content-layout":"","ast-site-content-layout":"default","site-content-style":"default","site-sidebar-style":"default","ast-global-header-display":"","ast-banner-title-visibility":"","ast-main-header-display":"","ast-hfb-above-header-display":"","ast-hfb-below-header-display":"","ast-hfb-mobile-header-display":"","site-post-title":"","ast-breadcrumbs-content":"","ast-featured-img":"","footer-sml-layout":"","theme-transparent-header-meta":"","adv-header-id-meta":"","stick-header-meta":"","header-above-stick-meta":"","header-main-stick-meta":"","header-below-stick-meta":"","astra-migrate-meta-layouts":"set","ast-page-background-enabled":"default","ast-page-background-meta":{"desktop":{"background-color":"var(--ast-global-color-4)","background-image":"","background-repeat":"repeat","background-position":"center center","background-size":"auto","background-attachment":"scroll","background-type":"","background-media":"","overlay-type":"","overlay-color":"","overlay-gradient":""},"tablet":{"background-color":"","background-image":"","background-repeat":"repeat","background-position":"center center","background-size":"auto","background-attachment":"scroll","background-type":"","background-media":"","overlay-type":"","overlay-color":"","overlay-gradient":""},"mobile":{"background-color":"","background-image":"","background-repeat":"repeat","background-position":"center center","background-size":"auto","background-attachment":"scroll","background-type":"","background-media":"","overlay-type":"","overlay-color":"","overlay-gradient":""}},"ast-content-background-meta":{"desktop":{"background-color":"var(--ast-global-color-5)","background-image":"","background-repeat":"repeat","background-position":"center center","background-size":"auto","background-attachment":"scroll","background-type":"","background-media":"","overlay-type":"","overlay-color":"","overlay-gradient":""},"tablet":{"background-color":"var(--ast-global-color-5)","background-image":"","background-repeat":"repeat","background-position":"center center","background-size":"auto","background-attachment":"scroll","background-type":"","background-media":"","overlay-type":"","overlay-color":"","overlay-gradient":""},"mobile":{"background-color":"var(--ast-global-color-5)","background-image":"","background-repeat":"repeat","background-position":"center center","background-size":"auto","background-attachment":"scroll","background-type":"","background-media":"","overlay-type":"","overlay-color":"","overlay-gradient":""}}},"categories":[8,30,10],"tags":[14,36,131],"jetpack_featured_media_url":"","_links":{"self":[{"href":"https:\/\/humanas.unsl.edu.ar\/index.php\/wp-json\/wp\/v2\/posts\/8580"}],"collection":[{"href":"https:\/\/humanas.unsl.edu.ar\/index.php\/wp-json\/wp\/v2\/posts"}],"about":[{"href":"https:\/\/humanas.unsl.edu.ar\/index.php\/wp-json\/wp\/v2\/types\/post"}],"author":[{"embeddable":true,"href":"https:\/\/humanas.unsl.edu.ar\/index.php\/wp-json\/wp\/v2\/users\/1"}],"replies":[{"embeddable":true,"href":"https:\/\/humanas.unsl.edu.ar\/index.php\/wp-json\/wp\/v2\/comments?post=8580"}],"version-history":[{"count":1,"href":"https:\/\/humanas.unsl.edu.ar\/index.php\/wp-json\/wp\/v2\/posts\/8580\/revisions"}],"predecessor-version":[{"id":8581,"href":"https:\/\/humanas.unsl.edu.ar\/index.php\/wp-json\/wp\/v2\/posts\/8580\/revisions\/8581"}],"wp:attachment":[{"href":"https:\/\/humanas.unsl.edu.ar\/index.php\/wp-json\/wp\/v2\/media?parent=8580"}],"wp:term":[{"taxonomy":"category","embeddable":true,"href":"https:\/\/humanas.unsl.edu.ar\/index.php\/wp-json\/wp\/v2\/categories?post=8580"},{"taxonomy":"post_tag","embeddable":true,"href":"https:\/\/humanas.unsl.edu.ar\/index.php\/wp-json\/wp\/v2\/tags?post=8580"}],"curies":[{"name":"wp","href":"https:\/\/api.w.org\/{rel}","templated":true}]}}